{"id":490,"date":"2016-09-17T17:21:27","date_gmt":"2016-09-17T17:21:27","guid":{"rendered":"http:\/\/swillis.ch\/?p=490"},"modified":"2017-06-04T14:11:38","modified_gmt":"2017-06-04T14:11:38","slug":"auf-dem-weg-nach-marokko-9-18-september-2016","status":"publish","type":"post","link":"https:\/\/swillis.ch\/?p=490","title":{"rendered":"Auf dem Weg nach Marokko, 9. &#8211; 18. September 2016"},"content":{"rendered":"<p>Seit einer Woche sind wir nun unterwegs, Zeit, uns auf dem Blog mal zu melden.<\/p>\n<p>Am Freitag, dem 9.9. fahren wir kurz nach dem Mittag in Aeugst ab, und zwar in Richtung Wallis. Ja, richtig, wir wollen uns noch ein letztes Mal in unserer &#8220;Stammbeiz&#8221;, der Gommerstuba in Niederenen, verw\u00f6hnen lassen und uns von dem uns lieb gewonnenen Wirtepaar verabschieden. Was uns ganz besonders freut ist, dass Martin und Sabrina mit den beiden Kindern Joel und Elina auch da sind und wir unsere beiden Enkel noch einmal sehen, bevor es f\u00fcr 10 Wochen ab in die Ferne geht!<\/p>\n<p>Am Samstag dann der richtige Start &#8211; \u00fcber die italienischen und franz\u00f6sischen Westalpen resp. einige deren P\u00e4sse kurven wir langsam, aber sicher in Richtung Spanien. Unterwegs finden wir den einen oder anderen sch\u00f6nen und einsamen \u00dcbernachtungsplatz, dann sind wir wieder in guter Gesellschaft anderer fahrbarer Unters\u00e4tze und deren Passagieren.<\/p>\n<div id=\"attachment_492\" style=\"width: 620px\" class=\"wp-caption alignnichts\"><a href=\"https:\/\/swillis.ch\/wp-content\/uploads\/2016\/09\/wp-1474189073792.jpg\"><img loading=\"lazy\" decoding=\"async\" aria-describedby=\"caption-attachment-492\" class=\"wp-image-492 size-large\" src=\"https:\/\/swillis.ch\/wp-content\/uploads\/2016\/09\/wp-1474189073792-1024x683.jpg\" alt=\"\" width=\"610\" height=\"407\" srcset=\"https:\/\/swillis.ch\/wp-content\/uploads\/2016\/09\/wp-1474189073792-1024x683.jpg 1024w, https:\/\/swillis.ch\/wp-content\/uploads\/2016\/09\/wp-1474189073792-300x200.jpg 300w, https:\/\/swillis.ch\/wp-content\/uploads\/2016\/09\/wp-1474189073792-768x512.jpg 768w, https:\/\/swillis.ch\/wp-content\/uploads\/2016\/09\/wp-1474189073792.jpg 1620w\" sizes=\"(max-width: 610px) 100vw, 610px\" \/><\/a><p id=\"caption-attachment-492\" class=\"wp-caption-text\">Col de l&#8217;Iseran<\/p><\/div>\n<p>Der sch\u00f6nste Platz unterwegs ist sicherlich derjenige kurz nach der spanischen Grenze, welche wir am \u00a0Dienstag erreichen. Wie so oft suchen wir auf der Strassenkarte nach kleineren, abgelegenen Strassen, welche in die Berge oder an einen See f\u00fchren, wo die Chance, einen Stellplatz zu finden, nach unserer Erfahrung recht gut ist. So auch hier, ein etwas von der Autobahn entfernter Stausee. Eine enge, kurvenreiche Strasse f\u00fchrt durch den Wald in Richtung See, hier finden wir sicher keinen geeigneten Platz. Dann sehen wir aber einen Weg links abzweigen, \u00fcber einen Teerabbruch, welcher mit Steinen zum besseren Befahren aufgef\u00fcllt ist, danach eine sandige Piste, die direkt zum resp. in den nur halb gef\u00fcllten See f\u00fchrt. Unser Platz!\u00a0Laut Karte mitten in einem Stausee.\u00a0Und\u00a0als besonderer Leckerbissen, v.a f\u00fcr Penny, k\u00f6nnen\u00a0wir hier auch noch baden! Was wollen wir noch mehr?<\/p>\n<div id=\"attachment_493\" style=\"width: 620px\" class=\"wp-caption alignnichts\"><a href=\"https:\/\/swillis.ch\/wp-content\/uploads\/2016\/09\/wp-1474189242444.jpg\"><img loading=\"lazy\" decoding=\"async\" aria-describedby=\"caption-attachment-493\" class=\"wp-image-493 size-large\" src=\"https:\/\/swillis.ch\/wp-content\/uploads\/2016\/09\/wp-1474189242444-1024x683.jpg\" alt=\"\" width=\"610\" height=\"407\" srcset=\"https:\/\/swillis.ch\/wp-content\/uploads\/2016\/09\/wp-1474189242444-1024x683.jpg 1024w, https:\/\/swillis.ch\/wp-content\/uploads\/2016\/09\/wp-1474189242444-300x200.jpg 300w, https:\/\/swillis.ch\/wp-content\/uploads\/2016\/09\/wp-1474189242444-768x512.jpg 768w, https:\/\/swillis.ch\/wp-content\/uploads\/2016\/09\/wp-1474189242444.jpg 1620w\" sizes=\"(max-width: 610px) 100vw, 610px\" \/><\/a><p id=\"caption-attachment-493\" class=\"wp-caption-text\">Pant\u00e0 de Boadella<\/p><\/div>\n<p>Die n\u00e4chsten 3 Tage sind reine Fahrtage, wir m\u00f6chten uns nicht allzu lange aufhalten, sondern recht z\u00fcgig bis nach Andalusien gelangen. Und so bleibt Barcelona wieder einmal rechts liegen &#8211; na ja, dieses Mal eigentlich nicht ganz: wir fahren auf der &#8220;Ronda Litoral del Porto&#8221;, oft durch Tunnels, am Meer entlang durch die Stadt. Kurz hatten wir in Betracht gezogen, MANni ausserhalb auf einem Campingplatz abzustellen und der Stadt doch noch endlich unsere Aufwartung zu machen, aber eben &#8230; es zieht uns nach S\u00fcden und aufgeschoben ist nicht aufgehoben. Somit haben wir noch eine Destination, welche wir dann nach unserer R\u00fcckkehr von der Weltreise besuchen k\u00f6nnen!<\/p>\n<p>Am Freitag, genau eine Woche nach unserem Aufbruch, haben wir unser erstes Etappenziel erreicht, das Naturschutzgebiet &#8220;Cabo de Gata&#8221; in Andalusien. Hier waren wir schon w\u00e4hrend unseren beiden Spanienreisen 2009 und 2013 und es ist ein Gebiet, in das wir uns schon fast ein wenig verliebt haben. Die Gegend ist eine Halbw\u00fcste, es ist sehr trocken, aber so trocken und staubig wie dieses Jahr hatte ich es nicht in Erinnerung. Vielleicht liegt es daran, dass wir dieses Mal einen Monat fr\u00fcher hier sind?<\/p>\n<p>Leider (oder zum Gl\u00fcck?) ist auch hier die Zeit nicht stehen geblieben. Wo wir vor 7 Jahren \u00a0mit unserem Hymer direkt am Strand stehen konnten, ist die Zufahrt nun abgeriegelt und eine Tafel verbietet das Campieren. Na ja, fr\u00fcher waren hier so viele Wohnmobile und VW-Busse, dass wir damals in der 2. Reihe stehen mussten. Also doch eine nicht so schlechte Entwicklung, zumal es hier ein Schutzgebiet ist?<\/p>\n<p>Wir entschliessen uns, an einen Starnd zu fahren, wo wir bei unseren beiden Besuchen immer f\u00fcr mindestens 2 N\u00e4chte stehen konnten und wo wir wissen, dass es im nahe gelegenen Dorf guten und frischen Fisch zu essen gibt. Aber so weit kommen wir nicht, unterwegs winkt der Wegweiser zum &#8220;Playa de Playazo&#8221;, hier hat es uns fr\u00fcher auch gut gefallen. Uns so stehen wir nun auch heute Sonntag noch hier und geniessen die Sonne, das Meer, etwas Ferienstimmung &#8230; auf die l\u00e4stigen Quallen, auch wenn es nicht so viele sind wie vor 3 Jahren, k\u00f6nnten wir aber gerne verzichten!<\/p>\n<p>Nachdem sich der Strand am Samstag Abend geleert hat und es schon dunkel wird, geniessen wir dann noch ein Candellight Dinner auf dem sandigen Sitzplatz vor MANni. Und k\u00f6nnen von hier aus einem f\u00fcr uns seltenen Schauspiel zuschauen: der Vollmond steigt innerhalb von ca. 2 Minuten aus dem Meer auf und zieht ein goldig glitzernedes Band bis an den Strand. So romatisch ist ein Tag selten zu Ende gegangen!<\/p>\n<div id=\"attachment_496\" style=\"width: 620px\" class=\"wp-caption alignnichts\"><a href=\"https:\/\/swillis.ch\/wp-content\/uploads\/2016\/09\/wp-1474189679179.jpg\"><img loading=\"lazy\" decoding=\"async\" aria-describedby=\"caption-attachment-496\" class=\"wp-image-496 size-large\" src=\"https:\/\/swillis.ch\/wp-content\/uploads\/2016\/09\/wp-1474189679179-1024x683.jpg\" alt=\"\" width=\"610\" height=\"407\" srcset=\"https:\/\/swillis.ch\/wp-content\/uploads\/2016\/09\/wp-1474189679179-1024x683.jpg 1024w, https:\/\/swillis.ch\/wp-content\/uploads\/2016\/09\/wp-1474189679179-300x200.jpg 300w, https:\/\/swillis.ch\/wp-content\/uploads\/2016\/09\/wp-1474189679179-768x512.jpg 768w, https:\/\/swillis.ch\/wp-content\/uploads\/2016\/09\/wp-1474189679179.jpg 1620w\" sizes=\"(max-width: 610px) 100vw, 610px\" \/><\/a><p id=\"caption-attachment-496\" class=\"wp-caption-text\">Fast Vollmond am Strand<\/p><\/div>\n<div class=\"pdf24Plugin-cp\"> \t<form name=\"pdf24Form0\" method=\"post\" action=\"https:\/\/doc2pdf.pdf24.org\/wordpress.php\" target=\"pdf24PopWin\" onsubmit=\"var pdf24Win = window.open('about:blank', 'pdf24PopWin', 'resizable=yes,scrollbars=yes,width=600,height=250,left='+(screen.width\/2-300)+',top='+(screen.height\/3-125)+''); pdf24Win.focus(); if(typeof pdf24OnCreatePDF === 'function'){void(pdf24OnCreatePDF(this,pdf24Win));}\"> \t\t<input type=\"hidden\" name=\"blogCharset\" value=\"Cw1x07UAAA==\" \/><input type=\"hidden\" name=\"blogPosts\" value=\"MwQA\" \/><input type=\"hidden\" name=\"blogUrl\" value=\"yygpKSi20tcvLs\/Mycks1kvOAAA=\" \/><input type=\"hidden\" name=\"blogName\" value=\"Kw7PzMnJLFYozStJLSpPTS8GAA==\" \/><input type=\"hidden\" name=\"blogValueEncoding\" value=\"gzdeflate base64\" \/><input type=\"hidden\" name=\"postId_0\" value=\"M7E0AAA=\" \/><input type=\"hidden\" name=\"postTitle_0\" value=\"cyxNU0hJzVUIT01XyEtMzlDwTSzKz87O11Gw1FNQU7YwMjS0VjC00FMITi0oSc1NSi1SMDIwNAMA\" \/><input type=\"hidden\" name=\"postLink_0\" value=\"yygpKSi20tcvLs\/Mycks1kvO0LcvsDWxNAAA\" \/><input type=\"hidden\" name=\"postAuthor_0\" value=\"C0jNy6tUUFM2trBWcCzKzcwDAA==\" \/><input type=\"hidden\" name=\"postDateTime_0\" value=\"MzIwNNM1sNQ1NFcwNLcysLQyMgcA\" \/><input type=\"hidden\" name=\"postContent_0\" value=\"xVjNUhtJEr7vU5S1ERszEUKInwVjAw6wAY9tHKzxmIi9bFSrU9016q5WVFUj0LPsgYOfwSef0Ivtl1nVAjs8sweImZNa3VX5V5nfl1m70\/1zMkGRseTURTMqSXljczUzTtnWqtYGcjMqfF\/9Gwv7eOGVbscqp1odVk2hal2peatqqnKyg93V6f7fdqf7B7U6dtigi74s3RnsDNRYl46syJ60bq6sHpXy9dQErFTGqgNqCx+UzlhTruYz7fj1BzMqQ2sLdaGryviBeqP7yvFLAwUscNZUFVkxz8IN9khVFOaBvDqFiUa+kYOb\/\/j70\/X14fPzoOs6IzOX\/2vP2VCnTpq6JudDm2ne894Q3pIl21eXiMTiS4lnVWnvRVsuGi8bK37wc2UoUwXNGmt5m7owLtBUww\/s15kflSzSDuCKlw2FtnOVkW8sNHk1dtQGZTxinUMLjHfBRFXnOnPGalXjxCACmwz\/vDW806o3DVWy7qjiVbrl6Op4nm060xiDbueRnWBLFy8+SU8lu5rRZeMUQjdefHVqbRhTw+JcOCi5IXUMjQQ\/y\/Dk3pmf69rzSebaWglnOiNSiLYLEvq1tedq8TXDR5aDFEHErPEin80cOwRk8cWnVxcEidUUT478dMCGsjw5FXW2+IyD4Gy6TIlVaVt4XfdhKjR4qKdvM+h8qq3h+P\/apbYacwDjdv7lYrCqYfO1jXpgyuKLTQbiOzTgz+K\/0MFJzIL9tNJh3o+uL2toJvnDBhRt4PQiT1UFcXocknQndZFpfhKb\/OJzmJOoSl4iD3Rh+DkVWG4ulcn3ehp1MyphS\/jP5s56T\/lwXdFeb2byUD5TW+vD6VVPjThb8XK6MtLTYJCrCHlhLUfE9\/Z3tUJZjvd6ZQhT\/2x11c+MFNmoXOU9DWyyYbWdVo3O\/er6cG1rdbjDn9Y2tzfXnu4Mtze2d9YHv00LCDN1oXihscVer9Lz6x6cGDXxv\/bXdtRT2hm9kpMfOZNRnl3v9ZJhK3f+rIg\/d6abWhfELxHbOa1U2hUEf93ooXavrA3XN6+2nm6IAwhN2Ov1lERwr7e1NuypkkxR4u3mcFs0egqPqlTxn1lfPVDkxnB4tT4cikQ8P1zg9tbTq3+uycEqPD9YYPQVSTnrySHiYH+q9dVKl61ryNafEYzhJVTJv55a3d9d1fu7U8n2\/58l3YpAV6G3\/7KpkHyqEtTZfv4LoE9bLqDdVRSQYNYrBgkpbh9InXEJ33Eeo3CCkMoIVbnfSNDnPn1BAENKRKsT1OicQElUMZcyBOha3d68AuQIMpIDLfJSEADgzzeqARL4VnbLciFXB8B0QjIT4CZFXZNKeJoBWmcFVVQIw3Qrl1oTRB8SaqTDsYRq50SM6aUImTWy7mWp7Qg2pxUBACVYxrQeobEf9XcEeuQYsRhMHQFDGNo4VAN13kTWAcU5kacozHTHj04dtKHJdInXNowBnUH81K0nGqgjqMeHApZEPI+B6tyLZoP4Widht9wL5N9CO2Ev676P6IkCJtG7glDMlgKjKvs4UK8Er2kZfqaNuPaCAGXGTtDwZPMZ9nEgInPFBR+JGT1zcLmLvRNyRgxlwbytmdm9oPghpf4HJ1wQvKmqJc9LeHmP8iAFzrAzfIE3fD65cTQJIixSIJ8v5NjWqVJX3G1EaffPNzDBQXF088ntzTuNU3oryQQTea2JSVEvj+D25leb397oyi\/7EQh4R6MJuczEFLsc6NgUnJG11zgqlA5cvb3h4EnsJQOkp8g0zHwijU5qz6St5E81le7FH3DZxl\/EZeub65ubm4\/PZRs\/4rKNx+OyaPefzGU\/UPpQLksiH4\/LksDH47K7DHl8Ltv4fS470zYsbpjODmEYIFp\/R2QACrv4PCo9l\/aG+ogUi22oE1w5BvaAfyhOS\/XiCwqmm5e4eJAsFfCe22dihAKwBK73CAM2If188bUwhQIYREY4sLmuWm8EWWWvNNY581oGtsqCOtRuRFWDgST1wmnSEIEyLmHTcjDAst+0wJ5Pg5vgbhD+jYbyvPRMvLjDU2GXNNd9gMVavTOhcZr5v1JnjQvNcspjvo0k8rEFdFUYbUHRp8SmQRGc6DjGyNiSA0rfMt+XWmCTNRuGc\/CS2EPzRqjh9OC9NbCG8V5wmQ2LCPtS11OgRqRVsEnrmWXTPBHZHnpU3nTQSTYXl9O8dtCOMQkLyfGsrUdlbALY5iyFb2P4nCe2ucFMFs+VT+h88TVPeoR30KY0vINbm3Tw\/FpeMoEzfZU6u4\/Vkj+vMIZhquSM\/Ka7kXHnm+7gw+LraDIBvi9p\/4KqgCz0PHemTifRxpMf3RcgmLqNWuONxD3xNYciMe6dmfJN8diOABwFPcW4iDhUXbcVZ2n1XofWIQBtmBeUGQpdyrzUWcOldaKDTnkilxHL7B6o10xtOIOuq0AY8bT4zBmYJ+OWE3maMcVnqwBkO3IAAJONOEHG1pIbpBMxpC+czjwZvUnyxzqtmnHbyRcIfLuQDgitCxL0hMsn78SReo3Emy2+SvOQ1Hg+i+Aa0HiXNCjP9ELsQWfaZlAwk25DSu8NaitmvOI8pA4mYMyRMzg77v8G6pPhPJYvXMmBF+YabXa6vZAUuV\/M3BadAg0C5nz0KZSaBkaqF10yvOMoOvWTtK7c9pxUnFMvfhZ3lh2mFCjfSiXT4HMpQJRxlKTDbsQAvsvYFo\/w+faGU7zLptfXtQiSDkvX0mxKQETUpLFWUJD1iraWMSfI1Ri34I7RqwrdtQABdsdIu0vul9BkBjlTKX4Z3pGBAm+d6zGfYgAadYlYcsqXtm4yU8UbgE8XK4eMKPfjqWtu0UwsrvWB+kCG7+2izTVWB9Z1UEFmvizgFKOGU6ti7CV1ZMPMjCYVTrLPceYD8tEcTrrz+5WCCCzP58IIVLIgQ+kijFF0OWQE7fjyrk0ILZMGW47y+L5UDjtEMHzvFlvLmrt3dsKrdfWeSS3Qd0cSL7SadMcSW1MJEOd8DcQo+XKqm5BeNW4sFzDdDVOa1o75l+2MXhTgK8QtFciMM2vC14EJCyOQ3E2HM8wGIQFcMeNaj9maQAWN97VmVJGH+R0BSYBRWmwr13qXDZLYPEuhn9fMDtLCy5GF5XwimScVQPAHgI1wYKwUoBbB7CC8TgcjHMZXkREBmeX6aSg75uzFUIrAM690FCJsil3V4rPnmzur\/tWKNf2oF1Bk7+Bgmbbpxouk2DZSsaXxINyfrQq5OESFzI20IEsKeA+U50tUn0btrhb13bUijka8q+BGkBAmNI1wmbdynwlVef9eDO5oqrsYfsk3b+j60AoDRBnMlnfaaf5CEpswj3zNHgm3x9YmUZewWxp4fKJ5yV6Bb+LuiaSG8HnKXATS5z9kn4l3nzAR1U3EGlMwsNrUNrDgkR4g90+NlaRlDXJPTslSuRsXomd3iqaCzaqoYDJHF8WDtgtLuE\/TcViMwZQR3TU1eJwzvyMhNIvJZC6GIwQH4SuknXvyB0Pa1l80pG1t76xt7zz+kLb1oyFt6\/GGtGj3nzyk\/UDpQ4e0JPLxhrQk8PGGtLsMefwhbev3h7Rj7teWhb1sJ+5Nav8D\" \/> \t\t<a href=\"https:\/\/www.pdf24.org\" target=\"_blank\" title=\"www.pdf24.org\" rel=\"nofollow\"><img src=\"https:\/\/swillis.ch\/wp-content\/plugins\/pdf24-post-to-pdf\/img\/pdf_32x32.png\" alt=\"\" border=\"0\" height=\"32\" \/><\/a> \t\t<span class=\"pdf24Plugin-cp-space\">&nbsp;&nbsp;<\/span> \t\t<span class=\"pdf24Plugin-cp-text\">Send article as PDF<\/span> \t\t<span class=\"pdf24Plugin-cp-space\">&nbsp;&nbsp;<\/span> \t\t<input class=\"pdf24Plugin-cp-input\" style=\"margin: 0px;\" type=\"text\" name=\"sendEmailTo\" placeholder=\"Enter email address\" \/> \t\t<input class=\"pdf24Plugin-cp-submit\" style=\"margin: 0px;\" type=\"submit\" value=\"Send\" \/> \t<\/form> <\/div>","protected":false},"excerpt":{"rendered":"<p>Seit einer Woche sind wir nun unterwegs, Zeit, uns auf dem Blog mal zu melden. Am Freitag, dem 9.9. fahren wir kurz nach dem Mittag in Aeugst ab, und zwar in Richtung Wallis. Ja, richtig, wir wollen uns noch ein letztes Mal in unserer &#8220;Stammbeiz&#8221;, der Gommerstuba in Niederenen, verw\u00f6hnen lassen und uns von dem [&hellip;]<\/p>\n","protected":false},"author":1,"featured_media":0,"comment_status":"open","ping_status":"closed","sticky":false,"template":"","format":"standard","meta":{"jetpack_post_was_ever_published":false,"_jetpack_newsletter_access":"","_jetpack_dont_email_post_to_subs":false,"_jetpack_newsletter_tier_id":0,"_jetpack_memberships_contains_paywalled_content":false,"footnotes":"","_jetpack_memberships_contains_paid_content":false,"jetpack_publicize_message":"","jetpack_publicize_feature_enabled":true,"jetpack_social_post_already_shared":false,"jetpack_social_options":{"image_generator_settings":{"template":"highway","enabled":false}}},"categories":[1],"tags":[],"jetpack_publicize_connections":[],"jetpack_featured_media_url":"","jetpack_sharing_enabled":true,"jetpack_shortlink":"https:\/\/wp.me\/p8QH5N-7U","jetpack-related-posts":[],"_links":{"self":[{"href":"https:\/\/swillis.ch\/index.php?rest_route=\/wp\/v2\/posts\/490"}],"collection":[{"href":"https:\/\/swillis.ch\/index.php?rest_route=\/wp\/v2\/posts"}],"about":[{"href":"https:\/\/swillis.ch\/index.php?rest_route=\/wp\/v2\/types\/post"}],"author":[{"embeddable":true,"href":"https:\/\/swillis.ch\/index.php?rest_route=\/wp\/v2\/users\/1"}],"replies":[{"embeddable":true,"href":"https:\/\/swillis.ch\/index.php?rest_route=%2Fwp%2Fv2%2Fcomments&post=490"}],"version-history":[{"count":5,"href":"https:\/\/swillis.ch\/index.php?rest_route=\/wp\/v2\/posts\/490\/revisions"}],"predecessor-version":[{"id":988,"href":"https:\/\/swillis.ch\/index.php?rest_route=\/wp\/v2\/posts\/490\/revisions\/988"}],"wp:attachment":[{"href":"https:\/\/swillis.ch\/index.php?rest_route=%2Fwp%2Fv2%2Fmedia&parent=490"}],"wp:term":[{"taxonomy":"category","embeddable":true,"href":"https:\/\/swillis.ch\/index.php?rest_route=%2Fwp%2Fv2%2Fcategories&post=490"},{"taxonomy":"post_tag","embeddable":true,"href":"https:\/\/swillis.ch\/index.php?rest_route=%2Fwp%2Fv2%2Ftags&post=490"}],"curies":[{"name":"wp","href":"https:\/\/api.w.org\/{rel}","templated":true}]}}